{"id":15129,"date":"2020-11-23T16:19:42","date_gmt":"2020-11-23T16:19:42","guid":{"rendered":"https:\/\/bozarucosa.com\/blog\/?p=15129"},"modified":"2025-12-01T13:53:45","modified_gmt":"2025-12-01T13:53:45","slug":"conferencia-internacional-sobre-la-aplicacion-en-espana-de-la-convencion-sobre-los-derechos-del-nino-de-las-naciones-unidas","status":"publish","type":"post","link":"https:\/\/bozarucosa.com\/blog\/conferencia-internacional-sobre-la-aplicacion-en-espana-de-la-convencion-sobre-los-derechos-del-nino-de-las-naciones-unidas\/","title":{"rendered":"Conferencia internacional sobre la aplicaci\u00f3n en Espa\u00f1a de la Convenci\u00f3n sobre los Derechos del Ni\u00f1o de las Naciones Unidas"},"content":{"rendered":"\n<p class=\"wp-block-paragraph\">Marta Boza realiza un an\u00e1lisis \u00edntegro de la aplicaci\u00f3n en Espa\u00f1a de la Convenci\u00f3n sobre los Derechos del Ni\u00f1o de las Naciones Unidas, exponiendo aquellas leyes del ordenamiento interno espa\u00f1ol en las que ha tenido incidencia dicha Convenci\u00f3n. <\/p>\n\n\n\n<figure class=\"wp-block-embed is-type-video is-provider-youtube wp-block-embed-youtube wp-embed-aspect-16-9 wp-has-aspect-ratio\"><div class=\"wp-block-embed__wrapper\">\n<div class=\"flex-video flex-video-youtube\"><iframe loading=\"lazy\" title=\"Convenci\u00f3n Derechos del Ni\u00f1o\" width=\"628\" height=\"353\" src=\"https:\/\/www.youtube.com\/embed\/UENp7Q3iDXw?feature=oembed\" frameborder=\"0\" allow=\"accelerometer; autoplay; clipboard-write; encrypted-media; gyroscope; picture-in-picture; web-share\" referrerpolicy=\"strict-origin-when-cross-origin\" allowfullscreen><\/iframe><\/div>\n<\/div><\/figure>\n\n\n\n<p class=\"wp-block-paragraph\">A continuaci\u00f3n, les dejamos v\u00eddeos que pueden ser de su inter\u00e9s siguiendo el tema expuesto.<\/p>\n\n\n\n<p class=\"wp-block-paragraph\"><a href=\"https:\/\/www.youtube.com\/watch?v=Oqx4ZVyHCAw&amp;t=23s\">Reclamaci\u00f3n pensi\u00f3n de alimentos<\/a><\/p>\n\n\n\n<p class=\"wp-block-paragraph\"><a href=\"https:\/\/www.youtube.com\/watch?v=3VEbOqGQzas&amp;t=581s\">\u00bfDebo pagar alimentos a un \u00abnini\u00bb?<\/a><\/p>\n\n\n\n<p class=\"wp-block-paragraph\"><a href=\"https:\/\/www.youtube.com\/watch?v=K-h7msb7RYM&amp;t=72s\">Mitos de la custodia compartida<\/a><\/p>\n\n\n\n<p class=\"wp-block-paragraph\"><a href=\"https:\/\/www.youtube.com\/watch?v=YTro12XiHxs&amp;t=29s\">\u00bfQu\u00e9 es el \u00absharenting\u00bb?.<\/a><\/p>\n\n\n\n<p class=\"wp-block-paragraph\"><a href=\"https:\/\/www.youtube.com\/watch?v=IbLeAHVzzbY&amp;t=36s\">Mediacio\u0301n familiar<\/a><\/p>\n\n\n<div class=\"wp-block-post-date\"><time datetime=\"2020-11-23T16:19:42+00:00\">23 noviembre, 2020<\/time><\/div>","protected":false},"excerpt":{"rendered":"<p>Marta Boza realiza un an\u00e1lisis \u00edntegro de la aplicaci\u00f3n en Espa\u00f1a de la Convenci\u00f3n sobre los Derechos del Ni\u00f1o de las Naciones Unidas, exponiendo aquellas leyes del ordenamiento interno espa\u00f1ol en las que ha tenido incidencia dicha Convenci\u00f3n. A continuaci\u00f3n, les dejamos v\u00eddeos que pueden ser de su inter\u00e9s siguiendo el tema expuesto. Reclamaci\u00f3n pensi\u00f3n de alimentos \u00bfDebo pagar alimentos a un \u00abnini\u00bb? Mitos de la custodia compartida \u00bfQu\u00e9 es el \u00absharenting\u00bb?. Mediacio\u0301n familiar<\/p>\n","protected":false},"author":1,"featured_media":15130,"comment_status":"closed","ping_status":"closed","sticky":false,"template":"","format":"standard","meta":{"footnotes":""},"categories":[6,460,69,470,70,474,59],"tags":[482,450,484,483,485,109,418,30],"class_list":["post-15129","post","type-post","status-publish","format-standard","has-post-thumbnail","hentry","category-internacional","category-filiacion-paternidad","category-guarda-y-custodia","category-hijos","category-incapacidad","category-responsabilidad-parental","category-videos","tag-convencion","tag-derechosdelmenor","tag-derechosdelnino","tag-nacionesunidas","tag-conferencia","tag-interes-superior","tag-interesdelmenor","tag-internacional","has_thumb"],"_links":{"self":[{"href":"https:\/\/bozarucosa.com\/blog\/wp-json\/wp\/v2\/posts\/15129","targetHints":{"allow":["GET"]}}],"collection":[{"href":"https:\/\/bozarucosa.com\/blog\/wp-json\/wp\/v2\/posts"}],"about":[{"href":"https:\/\/bozarucosa.com\/blog\/wp-json\/wp\/v2\/types\/post"}],"author":[{"embeddable":true,"href":"https:\/\/bozarucosa.com\/blog\/wp-json\/wp\/v2\/users\/1"}],"replies":[{"embeddable":true,"href":"https:\/\/bozarucosa.com\/blog\/wp-json\/wp\/v2\/comments?post=15129"}],"version-history":[{"count":3,"href":"https:\/\/bozarucosa.com\/blog\/wp-json\/wp\/v2\/posts\/15129\/revisions"}],"predecessor-version":[{"id":16982,"href":"https:\/\/bozarucosa.com\/blog\/wp-json\/wp\/v2\/posts\/15129\/revisions\/16982"}],"wp:featuredmedia":[{"embeddable":true,"href":"https:\/\/bozarucosa.com\/blog\/wp-json\/wp\/v2\/media\/15130"}],"wp:attachment":[{"href":"https:\/\/bozarucosa.com\/blog\/wp-json\/wp\/v2\/media?parent=15129"}],"wp:term":[{"taxonomy":"category","embeddable":true,"href":"https:\/\/bozarucosa.com\/blog\/wp-json\/wp\/v2\/categories?post=15129"},{"taxonomy":"post_tag","embeddable":true,"href":"https:\/\/bozarucosa.com\/blog\/wp-json\/wp\/v2\/tags?post=15129"}],"curies":[{"name":"wp","href":"https:\/\/api.w.org\/{rel}","templated":true}]}}