{"id":15179,"date":"2021-01-15T12:32:18","date_gmt":"2021-01-15T12:32:18","guid":{"rendered":"https:\/\/bozarucosa.com\/blog\/?p=15179"},"modified":"2025-12-01T13:53:44","modified_gmt":"2025-12-01T13:53:44","slug":"es-compatible-la-tributacion-conjunta-con-el-pago-de-alimentos","status":"publish","type":"post","link":"https:\/\/bozarucosa.com\/blog\/es-compatible-la-tributacion-conjunta-con-el-pago-de-alimentos\/","title":{"rendered":"\u00bfES COMPATIBLE LA TRIBUTACI\u00d3N CONJUNTA CON EL PAGO DE ALIMENTOS?"},"content":{"rendered":"\n<h3 class=\"wp-block-heading\">TRIBUTACI\u00d3N EN CUSTODIA COMPARTIDA <\/h3>\n\n\n\n<h3 class=\"wp-block-heading\">FISCALIDAD DE LA CUSTODIA COMPARTIDA CON PAGO DE ALIMENTOS<\/h3>\n\n\n\n<h3 class=\"wp-block-heading\"> \u00bfPUEDO TRIBUTAR CON MI HIJO EN CUSTODIA COMPARTIDA?  <\/h3>\n\n\n\n<h3 class=\"wp-block-heading\">CUSTODIA COMPARTIDA Y TRIBUTACI\u00d3N <\/h3>\n\n\n\n<p class=\"wp-block-paragraph\">La Subdirecci\u00f3n General de Impuestos emiti\u00f3 consulta\nvinculante el 27 de marzo de 2017, relativa a la declaraci\u00f3n del IRPF en la\nmodalidad conjunta, y al m\u00ednimo por descendientes, en el supuesto de divorcio\ncon custodia compartida del hijo com\u00fan.<\/p>\n\n\n\n<p class=\"wp-block-paragraph\">El consultante ten\u00eda un hijo menor de edad del que\nostentaba la custodia compartida, y dos hijos tambi\u00e9n menores de edad, de su\nnuevo matrimonio.<\/p>\n\n\n\n<p class=\"wp-block-paragraph\">Como regla general, cabe decir que tras el divorcio, la\ntributaci\u00f3n conjunta corresponde a quien tiene atribuida la guarda y custodia\nde los hijos, toda vez que es el progenitor que convive con ellos. Sin embargo,\ncuando se trata de custodia compartida, la opci\u00f3n de tributaci\u00f3n conjunta puede\nejercitarla cualquiera de los progenitores, debiendo el otro progenitor\ntributar de forma individual. <\/p>\n\n\n\n<p class=\"wp-block-paragraph\">El contribuyente hab\u00eda acordado con su&nbsp;ex mujer,\nrealizar de forma alternativa la declaraci\u00f3n conjunta; esto es, un a\u00f1o cada\nuno, en los a\u00f1os pares \u00e9l tributar\u00eda conjuntamente con el hijo com\u00fan, y en los\nimpares la ex esposa. Asimismo, dado que el r\u00e9gimen era de\ncustodia&nbsp;compartida, cada a\u00f1o se dividir\u00edan por mitad el m\u00ednimo por\ndescendientes al 50%.<\/p>\n\n\n\n<p class=\"wp-block-paragraph\">Dado que la declaraci\u00f3n por el Impuesto sobre la Renta\nen su modalidad de tributaci\u00f3n conjunta, debe incorporar a todos los hijos\nmenores de edad, ya sean comunes o no; cuando el hijo realizase la declaraci\u00f3n\nconjunta con su madre en los a\u00f1os impares, el padre no podr\u00eda hacerla as\u00ed con\nsus hijos posteriores y su actual esposa; debiendo entonces, tributar\nindividualmente.<\/p>\n\n\n\n<p class=\"wp-block-paragraph\">Finalmente, la Subdirecci\u00f3n General de Impuestos\nconcluye que no es posible que el primer hijo menor de edad tribute anualmente\nde forma alternativa con su madre y con su padre, pues formar\u00eda parte de dos unidades\nfamiliares a la vez (con su madre, y con su padre, sus hermanastros y la madre\nde \u00e9stos), lo que no est\u00e1 permitido por la ley. No obstante, no niega la\nposibilidad de que cada progenitor, al tener la custodia compartida de su\nprimer hijo, se aplique a partes iguales, el m\u00ednimo por descendiente.<\/p>\n\n\n\n<p class=\"wp-block-paragraph\">Desde nuestro\npunto de vista, dicha situaci\u00f3n provoca una gran injusticia, pues, aunque no es\nposible formar parte de dos unidades familiares <em>durante el mismo ejercicio<\/em>;\nesto no ocurre si se realiza de forma alternativa. La posici\u00f3n de la\nSubdirecci\u00f3n General de Impuestos entra en contradicci\u00f3n con la Ley y con sus\npropios argumentos, totalmente perjudicial para la sociedad actual, donde las\nfamilias reconstituidas son lo com\u00fan y habitual.<\/p>\n\n\n\n<p class=\"wp-block-paragraph\">Recientemente, el Tribunal\nSuperior de Justicia de Andaluc\u00eda -Sala de M\u00e1laga-, de 8 de octubre de 2020\n(recurso 715\/2019), se ha pronunciado alegando que, los progenitores que tengan\nun r\u00e9gimen de guarda compartida, pueden compatibilizar en la declaraci\u00f3n anual\nde la Renta, el m\u00ednimo por descendiente con las especialidades aplicables en\nlos supuestos de anualidades por alimentos a favor de los hijos;\npronunciamiento dictado en sentido contrario de lo expuesto por la Direcci\u00f3n\nGeneral de Tributos.<\/p>\n\n\n\n<p class=\"wp-block-paragraph\">El supuesto que contempla\nesta resoluci\u00f3n, se aplica para aquellos casos en los que pese a haber una\nguarda compartida, existe una grave desproporci\u00f3n de ingresos entre los\nprogenitores, lo que obliga al establecimiento de una pensi\u00f3n de alimentos, con\ncargo al progenitor con una situaci\u00f3n econ\u00f3mica m\u00e1s boyante; en estos casos, el\nprogenitor pagador de los alimentos, &nbsp;podr\u00e1 desgravarse en la declaraci\u00f3n de la\nrenta, &nbsp;el m\u00ednimo por descendiente de\nforma prorrateada, as\u00ed como podr\u00e1 aplicarse las especialidades del pago de los\nalimentos, exclusivamente para el per\u00edodo del ejercicio que no conviva con los\nmenores. <\/p>\n\n\n\n<p class=\"wp-block-paragraph\">Esta Sentencia, debemos destacar que, no es vinculante para la Direcci\u00f3n General de Impuestos ni para los otros Tribunales Superiores de Justicia. Sin embargo, abre la veda al principio de igualdad tributaria que deber\u00eda imperar en estos supuestos, puesto que recalca que las dos deducciones son compatibles en el caso de la guarda compartida, ya que no pueden existir distinciones, entre el trato fiscal que se dispensa en los casos de guarda individual respecto del que se da en los supuestos de guarda compartida. Por tanto, el Tribunal Superior de Justicia de Andaluc\u00eda est\u00e1 en pos de hacer desaparecer este agravio comparativo, que resulta tan perjudicial, cuando, adem\u00e1s, la guarda y custodia compartida, se ha erigido como uno de los sistemas m\u00e1s habituales en nuestro pa\u00eds.&nbsp;&nbsp; <\/p>\n\n\n\n<p class=\"wp-block-paragraph\">A continuaci\u00f3n, les dejamos art\u00edculos que pueden ser de su inter\u00e9s siguiendo el tema expuesto.<\/p>\n\n\n\n<p class=\"wp-block-paragraph\"><a href=\"https:\/\/bozarucosa.com\/blog\/el-impago-de-la-pension-alimenticia-en-la-nueva-reforma-penal\/\">El impago de la pensi\u00f3n alimenticia en la nueva reforma penal<\/a><\/p>\n\n\n\n<p class=\"wp-block-paragraph\"><a href=\"https:\/\/bozarucosa.com\/blog\/pensiones-que-pueden-reclamarse-en-una-separacion-o-divorcio\/\">PENSIONES QUE PUEDEN RECLAMARSE EN UNA SEPARACI\u00d3N O DIVORCIO<\/a><\/p>\n\n\n\n<p class=\"wp-block-paragraph\"><a href=\"https:\/\/bozarucosa.com\/blog\/la-competencia-judicial-internacional-matrimonios-responsabilidad-parental-y-alimentos-2\/\">LA COMPETENCIA JUDICIAL INTERNACIONAL: MATRIMONIOS, RESPONSABILIDAD PARENTAL Y ALIMENTOS<\/a><\/p>\n\n\n\n<p class=\"wp-block-paragraph\"><a href=\"https:\/\/bozarucosa.com\/blog\/actualizacion-de-los-criterios-en-familia-y-actuacion-frente-a-la-imposibilidad-del-pago-de-la-pension-de-alimentos\/\">ACTUALIZACI\u00d3N DE LOS CRITERIOS EN FAMILIA Y ACTUACI\u00d3N FRENTE A LA IMPOSIBILIDAD DEL PAGO DE LA PENSI\u00d3N DE ALIMENTOS<\/a><\/p>\n\n\n\n<p class=\"wp-block-paragraph\"><a href=\"https:\/\/bozarucosa.com\/blog\/hasta-cuando-pagare-alimentos-puedo-dejar-de-pagar-alimentos-a-mi-hijo-debo-seguir-pagando-cuando-sea-mayor-de-edad-hay-que-pagar-alimentos-al-hijo-mayor-de-18-anos-q\/\">\u00bfHASTA CU\u00c1NDO PAGAR\u00c9 ALIMENTOS?<\/a><\/p>\n\n\n\n<p class=\"wp-block-paragraph\"><\/p>\n\n\n<div class=\"wp-block-post-date\"><time datetime=\"2021-01-15T12:32:18+00:00\">15 enero, 2021<\/time><\/div>","protected":false},"excerpt":{"rendered":"<p>TRIBUTACI\u00d3N EN CUSTODIA COMPARTIDA FISCALIDAD DE LA CUSTODIA COMPARTIDA CON PAGO DE ALIMENTOS \u00bfPUEDO TRIBUTAR CON MI HIJO EN CUSTODIA COMPARTIDA? CUSTODIA COMPARTIDA Y TRIBUTACI\u00d3N La Subdirecci\u00f3n General de Impuestos emiti\u00f3 consulta vinculante el 27 de marzo de 2017, relativa a la declaraci\u00f3n del IRPF en la modalidad conjunta, y al m\u00ednimo por descendientes, en el supuesto de divorcio con custodia compartida del hijo com\u00fan. El consultante ten\u00eda un hijo menor de edad del que ostentaba la custodia compartida, y dos hijos tambi\u00e9n menores de edad, de su nuevo matrimonio. Como regla general, cabe decir que tras el divorcio, la <\/p>\n","protected":false},"author":1,"featured_media":17531,"comment_status":"closed","ping_status":"closed","sticky":false,"template":"","format":"standard","meta":{"footnotes":""},"categories":[473,465,69,470,4,73,474],"tags":[565,563,570,568,564,567,569,566],"class_list":["post-15179","post","type-post","status-publish","format-standard","has-post-thumbnail","hentry","category-alimentos","category-divorcio","category-guarda-y-custodia","category-hijos","category-impuestos","category-pension","category-responsabilidad-parental","tag-compartidayconjunta","tag-custodiacompartida","tag-irpfdelacompartida","tag-irpfendivorcio","tag-tributacionconjunta","tag-tributaciondeldivorcio","tag-tributaciondelosalimentos","tag-tributarencompartida","has_thumb"],"_links":{"self":[{"href":"https:\/\/bozarucosa.com\/blog\/wp-json\/wp\/v2\/posts\/15179","targetHints":{"allow":["GET"]}}],"collection":[{"href":"https:\/\/bozarucosa.com\/blog\/wp-json\/wp\/v2\/posts"}],"about":[{"href":"https:\/\/bozarucosa.com\/blog\/wp-json\/wp\/v2\/types\/post"}],"author":[{"embeddable":true,"href":"https:\/\/bozarucosa.com\/blog\/wp-json\/wp\/v2\/users\/1"}],"replies":[{"embeddable":true,"href":"https:\/\/bozarucosa.com\/blog\/wp-json\/wp\/v2\/comments?post=15179"}],"version-history":[{"count":5,"href":"https:\/\/bozarucosa.com\/blog\/wp-json\/wp\/v2\/posts\/15179\/revisions"}],"predecessor-version":[{"id":17532,"href":"https:\/\/bozarucosa.com\/blog\/wp-json\/wp\/v2\/posts\/15179\/revisions\/17532"}],"wp:featuredmedia":[{"embeddable":true,"href":"https:\/\/bozarucosa.com\/blog\/wp-json\/wp\/v2\/media\/17531"}],"wp:attachment":[{"href":"https:\/\/bozarucosa.com\/blog\/wp-json\/wp\/v2\/media?parent=15179"}],"wp:term":[{"taxonomy":"category","embeddable":true,"href":"https:\/\/bozarucosa.com\/blog\/wp-json\/wp\/v2\/categories?post=15179"},{"taxonomy":"post_tag","embeddable":true,"href":"https:\/\/bozarucosa.com\/blog\/wp-json\/wp\/v2\/tags?post=15179"}],"curies":[{"name":"wp","href":"https:\/\/api.w.org\/{rel}","templated":true}]}}