{"id":17415,"date":"2024-12-04T14:30:33","date_gmt":"2024-12-04T14:30:33","guid":{"rendered":"https:\/\/bozarucosa.com\/blog\/?p=17415"},"modified":"2025-12-01T13:53:11","modified_gmt":"2025-12-01T13:53:11","slug":"jornada-sobre-la-capacidad-de-la-persona","status":"publish","type":"post","link":"https:\/\/bozarucosa.com\/blog\/jornada-sobre-la-capacidad-de-la-persona\/","title":{"rendered":"JORNADA SOBRE LA CAPACIDAD DE LA PERSONA"},"content":{"rendered":"<div class=\"wp-block-post-date\"><time datetime=\"2024-12-04T14:30:33+00:00\">4 diciembre, 2024<\/time><\/div>\n\n\n<p class=\"wp-block-paragraph\">Hoy, d\u00eda internacional de las personas con discapacidad, asisto a la Jornada organizada por la Academia de la Jurisprudencia y Legislaci\u00f3n de Catalu\u00f1a conjuntamente con el Decanato de los Registradores de Catalu\u00f1a, sobre la CAPACIDAD DE LA PERSONA.<br><br>El Excmo. Sr. Antonio Recio C\u00f3rdova, presidente de la Audiencia Provincial de Barcelona, nos ha hablado sobre la \u00faltima jurisprudencia.<br><br>En la jurisprudencia de atenci\u00f3n al discapaz, ha aparecido el nuevo concepto \u00ab atender \u00bb que, implica ayudar a la persona, teniendo en cuenta su deseo, sin que su voluntad sea la que deba imperar en la decisi\u00f3n de su apoyo. Debe tenerse en cuenta que muchas veces la persona desprotegida por su discapacidad, no acepta la ayuda, pero debe otorg\u00e1rsele a pesar de su oposici\u00f3n, aunque siguiendo en la medida de lo posible, su opini\u00f3n.<br><br>La Ilma. Sra. M. del Carmen Gete-Alonso Calera, catedr\u00e1tica de la UAB y acad\u00e9mica de la AJLC, ha hablado de la propuesta del proyecto de ley de modificaci\u00f3n del Libro Segundo del C\u00f3digo Civil de Catalu\u00f1a, publicado el 13\/11\/24 en el Bolet\u00edn Oficial del Parlamento de Catalu\u00f1a. El mismo se basa en los principios de personalidad civil y autonom\u00eda de la persona.<br><br>Hemos pasado del modelo medicalizador de las personas mayores, que substitu\u00eda su voluntad; al modelo social, que preserva y protege la voluntad de la persona mayor.<br><br>La sociedad debe instaurar los medios necesarios para garantizar que todas las personas puedan ejercer sus derechos.<br><br>Ya no existe la distinci\u00f3n entre la capacidad jur\u00eddica (ser titular de derechos y obligaciones, de modo est\u00e1tico), y capacidad de obrar (aptitud de ejercer derechos y obligaciones, de modo din\u00e1mico). Ahora ambas capacidad son la misma, y quedan englobadas en la capacidad natural \u00ab legal capacity \u00bb.<br><br>Debe distinguirse entre las instituciones que protegen y las que dan soporte a las personas. Las protectoras se dirigen a los menores de edad, y las de soporte, a los mayores de edad. El menor goza de la asistencia del Defensor Judicial, en caso de controversia con los detentores de la potestad parental.<br><br>El menor que tenga discapacidad, ser\u00e1 objeto de soporte.<br><br>El art 222-36.1 CCC permite que el mayor de 17 a\u00f1os, discapacitado, pueda directamente o sus progenitores, solicitar la asistencia de soporte, para cuando llegue a la mayor\u00eda de edad.<br><br>Los soportes pueden ser preventivos a trav\u00e9s de mandato o poder, o por asistencia (judicialmente nombrados o establecidos ante notario).<br><br>La legitimaci\u00f3n activa para pedir la asistencia judicial, queda ampliada respecto de la Ley de Jurisdicci\u00f3n Voluntaria y la LEC; ahora pueden solicitarla los familiares cercanos.<br><br>La asistencia de acompa\u00f1amiento es la m\u00ednima, consistente en ayudar en la toma de decisiones.<br>La asistencia de cooperaci\u00f3n consiste en acompa\u00f1ar y ayudar a ejecutar.<br>La asistencia de representaci\u00f3n, implica la suplantaci\u00f3n de la persona. Para preservar al m\u00e1ximo la voluntad y autonom\u00eda del discapacitado, deber\u00e1 quedar enumerado cada acto en el que recaiga la representaci\u00f3n.<br><br>La Ilma. Sra. S\u00edlvia Jim\u00e9nez Alcina, Registradora de la Propiedad, nos ha informado de la existencia de notas simples notariales con pictogramas y redacci\u00f3n f\u00e1cil, en aras a la comprensi\u00f3n por parte de la persona con discapacidad.<br><br>Todas las personas deben poder heredar, comprar e hipotecar, y no pueden ser privados de sus bienes.<br><br>El registrador puede suspender la inscripci\u00f3n de una escritura p\u00fablica, en tanto el otorgante no haya dispuesto de los apoyos oportunos.<br><br>Cuando haya conflicto de intereses entre el discapaz y quien le presta apoyo, deber\u00e1 actuar el Defensor Judicial.<br><br>Tenemos la colisi\u00f3n de dos derechos: la protecci\u00f3n del discapacitado versus la protecci\u00f3n de su intimidad. Si no se inscribe en Registro P\u00fablico la necesidad de apoyo, puede el discapacitado versus vulnerada su defensa. Si se inscribe, se vulnera su intimidad.<br><br>El libro de administraci\u00f3n y disposici\u00f3n de bienes inmuebles, debe ser donde se inscriba las medidas de apoyo de la persona, para que notarios y registradores velen por los derechos del discapaz.<br><br>Otro problema se presenta en la testamentaria, pues testar es un acto personal\u00edsimo, en que el asistente no tiene lugar. Por tanto, se plantea el conflicto de la validez del testamento del discapaz.<\/p>\n\n\n\n<p class=\"wp-block-paragraph\"><\/p>\n\n\n\n<figure class=\"wp-block-embed is-type-wp-embed is-provider-boza-rucosa wp-block-embed-boza-rucosa\"><div class=\"wp-block-embed__wrapper\">\n<blockquote class=\"wp-embedded-content\" data-secret=\"ak8j1IR9Q3\"><a href=\"https:\/\/bozarucosa.com\/blog\/ahora-todos-somos-capaces-desaparece-la-incapacitacion-judicial-que-hago-con-el-pariente-discapaz-la-reforma-en-materia-de-soportes-en-el-ejercicio-de-la-capacidad-juridica-en\/\">AHORA TODOS SOMOS CAPACES       DESAPARECE LA INCAPACITACI\u00d3N JUDICIAL                                               \u00bfQU\u00c9 HAGO CON EL PARIENTE DISCAPAZ?                                                LA REFORMA EN MATERIA DE SOPORTES EN EL EJERCICIO DE LA CAPACIDAD JUR\u00cdDICA EN EL DERECHO CIVIL CATAL\u00c1<\/a><\/blockquote><iframe loading=\"lazy\" class=\"wp-embedded-content\" sandbox=\"allow-scripts\" security=\"restricted\" style=\"position: absolute; visibility: hidden;\" title=\"\u00abAHORA TODOS SOMOS CAPACES       DESAPARECE LA INCAPACITACI\u00d3N JUDICIAL                                               \u00bfQU\u00c9 HAGO CON EL PARIENTE DISCAPAZ?                                                LA REFORMA EN MATERIA DE SOPORTES EN EL EJERCICIO DE LA CAPACIDAD JUR\u00cdDICA EN EL DERECHO CIVIL CATAL\u00c1\u00bb \u2014 Boza Rucosa\" src=\"https:\/\/bozarucosa.com\/blog\/ahora-todos-somos-capaces-desaparece-la-incapacitacion-judicial-que-hago-con-el-pariente-discapaz-la-reforma-en-materia-de-soportes-en-el-ejercicio-de-la-capacidad-juridica-en\/embed\/#?secret=Yn2RzCZTYr#?secret=ak8j1IR9Q3\" data-secret=\"ak8j1IR9Q3\" width=\"600\" height=\"338\" frameborder=\"0\" marginwidth=\"0\" marginheight=\"0\" scrolling=\"no\"><\/iframe>\n<\/div><\/figure>\n\n\n\n<figure class=\"wp-block-embed is-type-wp-embed is-provider-boza-rucosa wp-block-embed-boza-rucosa\"><div class=\"wp-block-embed__wrapper\">\n<blockquote class=\"wp-embedded-content\" data-secret=\"B844XmnfFQ\"><a href=\"https:\/\/bozarucosa.com\/blog\/nueva-proteccion-para-mayores-y-personas-con-discapacidad-en-los-procedimientos-judiciales\/\">NUEVA PROTECCI\u00d3N PARA MAYORES Y PERSONAS CON DISCAPACIDAD EN LOS PROCEDIMIENTOS JUDICIALES ESPA\u00d1OLES<\/a><\/blockquote><iframe loading=\"lazy\" class=\"wp-embedded-content\" sandbox=\"allow-scripts\" security=\"restricted\" style=\"position: absolute; visibility: hidden;\" title=\"\u00abNUEVA PROTECCI\u00d3N PARA MAYORES Y PERSONAS CON DISCAPACIDAD EN LOS PROCEDIMIENTOS JUDICIALES ESPA\u00d1OLES\u00bb \u2014 Boza Rucosa\" src=\"https:\/\/bozarucosa.com\/blog\/nueva-proteccion-para-mayores-y-personas-con-discapacidad-en-los-procedimientos-judiciales\/embed\/#?secret=J0UrB9NDMJ#?secret=B844XmnfFQ\" data-secret=\"B844XmnfFQ\" width=\"600\" height=\"338\" frameborder=\"0\" marginwidth=\"0\" marginheight=\"0\" scrolling=\"no\"><\/iframe>\n<\/div><\/figure>\n\n\n\n<figure class=\"wp-block-embed is-type-wp-embed is-provider-boza-rucosa wp-block-embed-boza-rucosa\"><div class=\"wp-block-embed__wrapper\">\n<blockquote class=\"wp-embedded-content\" data-secret=\"0NUo9NH5N8\"><a href=\"https:\/\/bozarucosa.com\/blog\/comentario-critico-a-la-ley-8-2021\/\">COMENTARIO CR\u00cdTICO A LA LEY 8\/2021<\/a><\/blockquote><iframe loading=\"lazy\" class=\"wp-embedded-content\" sandbox=\"allow-scripts\" security=\"restricted\" style=\"position: absolute; visibility: hidden;\" title=\"\u00abCOMENTARIO CR\u00cdTICO A LA LEY 8\/2021\u00bb \u2014 Boza Rucosa\" src=\"https:\/\/bozarucosa.com\/blog\/comentario-critico-a-la-ley-8-2021\/embed\/#?secret=DOKlnERDz5#?secret=0NUo9NH5N8\" data-secret=\"0NUo9NH5N8\" width=\"600\" height=\"338\" frameborder=\"0\" marginwidth=\"0\" marginheight=\"0\" scrolling=\"no\"><\/iframe>\n<\/div><\/figure>\n","protected":false},"excerpt":{"rendered":"<p>Hoy, d\u00eda internacional de las personas con discapacidad, asisto a la Jornada organizada por la Academia de la Jurisprudencia y Legislaci\u00f3n de Catalu\u00f1a conjuntamente con el Decanato de los Registradores de Catalu\u00f1a, sobre la CAPACIDAD DE LA PERSONA. El Excmo. Sr. Antonio Recio C\u00f3rdova, presidente de la Audiencia Provincial de Barcelona, nos ha hablado sobre la \u00faltima jurisprudencia. En la jurisprudencia de atenci\u00f3n al discapaz, ha aparecido el nuevo concepto \u00ab atender \u00bb que, implica ayudar a la persona, teniendo en cuenta su deseo, sin que su voluntad sea la que deba imperar en la decisi\u00f3n de su apoyo. Debe <\/p>\n","protected":false},"author":1,"featured_media":17416,"comment_status":"closed","ping_status":"closed","sticky":false,"template":"","format":"standard","meta":{"footnotes":""},"categories":[70],"tags":[964,962,112,961,963],"class_list":["post-17415","post","type-post","status-publish","format-standard","has-post-thumbnail","hentry","category-incapacidad","tag-asistencia","tag-capacidad","tag-discapacidad","tag-jornadas","tag-registradores","has_thumb"],"_links":{"self":[{"href":"https:\/\/bozarucosa.com\/blog\/wp-json\/wp\/v2\/posts\/17415","targetHints":{"allow":["GET"]}}],"collection":[{"href":"https:\/\/bozarucosa.com\/blog\/wp-json\/wp\/v2\/posts"}],"about":[{"href":"https:\/\/bozarucosa.com\/blog\/wp-json\/wp\/v2\/types\/post"}],"author":[{"embeddable":true,"href":"https:\/\/bozarucosa.com\/blog\/wp-json\/wp\/v2\/users\/1"}],"replies":[{"embeddable":true,"href":"https:\/\/bozarucosa.com\/blog\/wp-json\/wp\/v2\/comments?post=17415"}],"version-history":[{"count":1,"href":"https:\/\/bozarucosa.com\/blog\/wp-json\/wp\/v2\/posts\/17415\/revisions"}],"predecessor-version":[{"id":17417,"href":"https:\/\/bozarucosa.com\/blog\/wp-json\/wp\/v2\/posts\/17415\/revisions\/17417"}],"wp:featuredmedia":[{"embeddable":true,"href":"https:\/\/bozarucosa.com\/blog\/wp-json\/wp\/v2\/media\/17416"}],"wp:attachment":[{"href":"https:\/\/bozarucosa.com\/blog\/wp-json\/wp\/v2\/media?parent=17415"}],"wp:term":[{"taxonomy":"category","embeddable":true,"href":"https:\/\/bozarucosa.com\/blog\/wp-json\/wp\/v2\/categories?post=17415"},{"taxonomy":"post_tag","embeddable":true,"href":"https:\/\/bozarucosa.com\/blog\/wp-json\/wp\/v2\/tags?post=17415"}],"curies":[{"name":"wp","href":"https:\/\/api.w.org\/{rel}","templated":true}]}}